{"id":1147,"date":"2018-05-31T10:50:59","date_gmt":"2018-05-31T10:50:59","guid":{"rendered":"http:\/\/www.ikm-portugal.com\/wp\/?p=1147"},"modified":"2018-05-31T11:28:25","modified_gmt":"2018-05-31T11:28:25","slug":"krav-maga-a-ikm-portugal-e-a-sua-colaboracao-com-forcas-militares-nacionais-e-estrangeiras","status":"publish","type":"post","link":"http:\/\/www.ikm-portugal.com\/wp\/?p=1147","title":{"rendered":"KRAV MAGA, a IKM- Portugal e a sua colabora\u00e7\u00e3o com For\u00e7as Militares Nacionais e Estrangeiras."},"content":{"rendered":"<p>&nbsp;<\/p>\n<h2>KRAV MAGA, a IKM- Portugal e a sua colabora\u00e7\u00e3o com For\u00e7as Militares Nacionais e Estrangeiras.<\/h2>\n<p><img loading=\"lazy\" decoding=\"async\" class=\"pull-left alignnone wp-image-1153 size-medium\" src=\"http:\/\/www.ikm-portugal.com\/wp\/wp-content\/uploads\/2018\/05\/10-300x195.jpg\" alt=\"copyright: Bryan Ferreira\" width=\"300\" height=\"195\" srcset=\"http:\/\/www.ikm-portugal.com\/wp\/wp-content\/uploads\/2018\/05\/10-300x195.jpg 300w, http:\/\/www.ikm-portugal.com\/wp\/wp-content\/uploads\/2018\/05\/10-768x498.jpg 768w, http:\/\/www.ikm-portugal.com\/wp\/wp-content\/uploads\/2018\/05\/10-1024x664.jpg 1024w, http:\/\/www.ikm-portugal.com\/wp\/wp-content\/uploads\/2018\/05\/10-150x97.jpg 150w, http:\/\/www.ikm-portugal.com\/wp\/wp-content\/uploads\/2018\/05\/10-500x324.jpg 500w, http:\/\/www.ikm-portugal.com\/wp\/wp-content\/uploads\/2018\/05\/10.jpg 2000w\" sizes=\"auto, (max-width: 300px) 100vw, 300px\" \/><\/p>\n<p>As Opera\u00e7\u00f5es Especiais do Ex\u00e9rcito Portugu\u00eas, a Guarni\u00e7\u00e3o da Fragata NRP Corte Real da Armada Portuguesa, A Guarna Nacional Republicana, as Special Operations Forces da Litu\u00e2nia, o Korps Marines da Holanda e at\u00e9 as Israeli Defence Forces (IDF) de Israel j\u00e1 tiveram ou t\u00eam forma\u00e7\u00e3o de Krav Maga com Instrutores certificados Portugueses.<\/p>\n<p>Apesar das suas muitas variantes, o Krav Maga nasce no seio Militar e \u00e9 neste meio que este m\u00e9todo de defesa pessoal respira livremente, fazendo jus \u00e0 sua natureza pr\u00e1tica mas totalmente eficaz.<\/p>\n<p>A Gabi Noah International Krav Maga (IKM), garante a mais alta qualidade dos seus Instrutores, garantindo forma\u00e7\u00e3o espec\u00edfica e cont\u00ednua dentro de cada \u00e1rea.Uma das forma\u00e7\u00f5es que a IKM oferece aos seus Instrutores, que s\u00e3o escolhidos pelas suas caracter\u00edsticas e conhecimentos, \u00e9 o curso de <strong>Instrutores de Krav Maga Militar<\/strong>.<\/p>\n<p>&nbsp;<\/p>\n<p>Portugal conta com alguns desses docentes de Krav Maga Militar, que com o normal carimbo de qualidade e profissionalismo caracter\u00edstico dos militares portugu\u00eas, j\u00e1 treinaram por solicita\u00e7\u00e3o algumas for\u00e7as Nacionais e tamb\u00e9m Estrangeiras.<\/p>\n<p>No \u00e2mbito Nacional, a IKM-Portugal, conta com um Instrutor do CTOE (Centro de Tropas de Opera\u00e7\u00f5es Especiais), que al\u00e9m da forma\u00e7\u00e3o cont\u00ednua naquela Unidade de Elite, tem-se destacado com forma\u00e7\u00f5es dadas em Portugal, na vertente policial, nomeadamente aos operacionais da Guarda Nacional Republicana e no estrangeiro \u00e0 varias for\u00e7as internacionais, mais recentemente \u00e0s Special Operations Forces lituanas, no quadro das NATO Baltic Assurance Measures.<\/p>\n<p><img loading=\"lazy\" decoding=\"async\" class=\"imageFramed alignnone wp-image-1158 size-medium\" src=\"http:\/\/www.ikm-portugal.com\/wp\/wp-content\/uploads\/2018\/05\/Lituania-3-300x200.jpg\" alt=\"\" width=\"300\" height=\"200\" srcset=\"http:\/\/www.ikm-portugal.com\/wp\/wp-content\/uploads\/2018\/05\/Lituania-3-300x200.jpg 300w, http:\/\/www.ikm-portugal.com\/wp\/wp-content\/uploads\/2018\/05\/Lituania-3-768x512.jpg 768w, http:\/\/www.ikm-portugal.com\/wp\/wp-content\/uploads\/2018\/05\/Lituania-3-1024x682.jpg 1024w, http:\/\/www.ikm-portugal.com\/wp\/wp-content\/uploads\/2018\/05\/Lituania-3-150x100.jpg 150w, http:\/\/www.ikm-portugal.com\/wp\/wp-content\/uploads\/2018\/05\/Lituania-3-500x333.jpg 500w, http:\/\/www.ikm-portugal.com\/wp\/wp-content\/uploads\/2018\/05\/Lituania-3.jpg 2000w\" sizes=\"auto, (max-width: 300px) 100vw, 300px\" \/> <img loading=\"lazy\" decoding=\"async\" class=\"imageFramed alignnone wp-image-1159 size-medium\" src=\"http:\/\/www.ikm-portugal.com\/wp\/wp-content\/uploads\/2018\/05\/Lituania-4-300x200.jpg\" alt=\"\" width=\"300\" height=\"200\" srcset=\"http:\/\/www.ikm-portugal.com\/wp\/wp-content\/uploads\/2018\/05\/Lituania-4-300x200.jpg 300w, http:\/\/www.ikm-portugal.com\/wp\/wp-content\/uploads\/2018\/05\/Lituania-4-768x512.jpg 768w, http:\/\/www.ikm-portugal.com\/wp\/wp-content\/uploads\/2018\/05\/Lituania-4-1024x682.jpg 1024w, http:\/\/www.ikm-portugal.com\/wp\/wp-content\/uploads\/2018\/05\/Lituania-4-150x100.jpg 150w, http:\/\/www.ikm-portugal.com\/wp\/wp-content\/uploads\/2018\/05\/Lituania-4-500x333.jpg 500w, http:\/\/www.ikm-portugal.com\/wp\/wp-content\/uploads\/2018\/05\/Lituania-4.jpg 2000w\" sizes=\"auto, (max-width: 300px) 100vw, 300px\" \/> <img loading=\"lazy\" decoding=\"async\" class=\"imageFramed alignnone wp-image-1157 size-medium\" src=\"http:\/\/www.ikm-portugal.com\/wp\/wp-content\/uploads\/2018\/05\/Lituania-2-300x200.jpg\" alt=\"\" width=\"300\" height=\"200\" srcset=\"http:\/\/www.ikm-portugal.com\/wp\/wp-content\/uploads\/2018\/05\/Lituania-2-300x200.jpg 300w, http:\/\/www.ikm-portugal.com\/wp\/wp-content\/uploads\/2018\/05\/Lituania-2-768x512.jpg 768w, http:\/\/www.ikm-portugal.com\/wp\/wp-content\/uploads\/2018\/05\/Lituania-2-1024x682.jpg 1024w, http:\/\/www.ikm-portugal.com\/wp\/wp-content\/uploads\/2018\/05\/Lituania-2-150x100.jpg 150w, http:\/\/www.ikm-portugal.com\/wp\/wp-content\/uploads\/2018\/05\/Lituania-2-500x333.jpg 500w, http:\/\/www.ikm-portugal.com\/wp\/wp-content\/uploads\/2018\/05\/Lituania-2.jpg 2000w\" sizes=\"auto, (max-width: 300px) 100vw, 300px\" \/> <img loading=\"lazy\" decoding=\"async\" class=\"imageFramed alignnone wp-image-1160 size-medium\" src=\"http:\/\/www.ikm-portugal.com\/wp\/wp-content\/uploads\/2018\/05\/Lituania-5-300x200.jpg\" alt=\"\" width=\"300\" height=\"200\" srcset=\"http:\/\/www.ikm-portugal.com\/wp\/wp-content\/uploads\/2018\/05\/Lituania-5-300x200.jpg 300w, http:\/\/www.ikm-portugal.com\/wp\/wp-content\/uploads\/2018\/05\/Lituania-5-768x512.jpg 768w, http:\/\/www.ikm-portugal.com\/wp\/wp-content\/uploads\/2018\/05\/Lituania-5-1024x682.jpg 1024w, http:\/\/www.ikm-portugal.com\/wp\/wp-content\/uploads\/2018\/05\/Lituania-5-150x100.jpg 150w, http:\/\/www.ikm-portugal.com\/wp\/wp-content\/uploads\/2018\/05\/Lituania-5-500x333.jpg 500w, http:\/\/www.ikm-portugal.com\/wp\/wp-content\/uploads\/2018\/05\/Lituania-5.jpg 2000w\" sizes=\"auto, (max-width: 300px) 100vw, 300px\" \/><\/p>\n<p>A forma radiante, profissional e met\u00f3dica com que este instrutor apresenta o seu trabalho, levou-o a reconhecimentos p\u00fablicos quer por profissionais dentro da institui\u00e7\u00e3o militar, quer por profissionais de outras \u00e1reas, onde ambos referem a forma emocionante com que o mesmo tra\u00e7a a sua conduta.<\/p>\n<p>Ainda no nosso Pa\u00eds, a IKM-Portugal conta com um outro instrutor, este, na Armada Portuguesa, que tem efetuado forma\u00e7\u00f5es deste m\u00e9todo de defesa pessoal em v\u00e1rios locais, quer no Continente, quer nas Ilhas ou mesmo em alto mar, para militares da Marinha, tendo sido a \u00faltima a bordo da Fragata NRP Corte Real da Armada Portuguesa, levando assim este tipo de ensinamentos a locais onde a a\u00e7\u00e3o pode efetivamente decorrer para estes profissionais.<\/p>\n<p><img loading=\"lazy\" decoding=\"async\" class=\"imageFramed alignnone wp-image-1165 size-medium\" src=\"http:\/\/www.ikm-portugal.com\/wp\/wp-content\/uploads\/2018\/05\/NRP-Corte-Real-2-1-300x225.jpg\" alt=\"\" width=\"300\" height=\"225\" srcset=\"http:\/\/www.ikm-portugal.com\/wp\/wp-content\/uploads\/2018\/05\/NRP-Corte-Real-2-1-300x225.jpg 300w, http:\/\/www.ikm-portugal.com\/wp\/wp-content\/uploads\/2018\/05\/NRP-Corte-Real-2-1-768x576.jpg 768w, http:\/\/www.ikm-portugal.com\/wp\/wp-content\/uploads\/2018\/05\/NRP-Corte-Real-2-1-1024x768.jpg 1024w, http:\/\/www.ikm-portugal.com\/wp\/wp-content\/uploads\/2018\/05\/NRP-Corte-Real-2-1-150x113.jpg 150w, http:\/\/www.ikm-portugal.com\/wp\/wp-content\/uploads\/2018\/05\/NRP-Corte-Real-2-1-500x375.jpg 500w, http:\/\/www.ikm-portugal.com\/wp\/wp-content\/uploads\/2018\/05\/NRP-Corte-Real-2-1.jpg 1920w\" sizes=\"auto, (max-width: 300px) 100vw, 300px\" \/> <img loading=\"lazy\" decoding=\"async\" class=\"imageFramed alignnone wp-image-1164 size-medium\" src=\"http:\/\/www.ikm-portugal.com\/wp\/wp-content\/uploads\/2018\/05\/NRP-Corte-Real-1-300x225.jpg\" alt=\"\" width=\"300\" height=\"225\" srcset=\"http:\/\/www.ikm-portugal.com\/wp\/wp-content\/uploads\/2018\/05\/NRP-Corte-Real-1-300x225.jpg 300w, http:\/\/www.ikm-portugal.com\/wp\/wp-content\/uploads\/2018\/05\/NRP-Corte-Real-1-768x576.jpg 768w, http:\/\/www.ikm-portugal.com\/wp\/wp-content\/uploads\/2018\/05\/NRP-Corte-Real-1-1024x768.jpg 1024w, http:\/\/www.ikm-portugal.com\/wp\/wp-content\/uploads\/2018\/05\/NRP-Corte-Real-1-150x113.jpg 150w, http:\/\/www.ikm-portugal.com\/wp\/wp-content\/uploads\/2018\/05\/NRP-Corte-Real-1-500x375.jpg 500w, http:\/\/www.ikm-portugal.com\/wp\/wp-content\/uploads\/2018\/05\/NRP-Corte-Real-1.jpg 1920w\" sizes=\"auto, (max-width: 300px) 100vw, 300px\" \/><\/p>\n<p>J\u00e1 no \u00e2mbito Internacional, a IKM-Portugal tem tido v\u00e1rias colabora\u00e7\u00f5es com diferentes Pa\u00edses.<\/p>\n<p>Al\u00e9m das Special Operations Forces lituanas, j\u00e1 referidas acima, outro instrutor tem tamb\u00e9m explorado o estrangeiro. O instrutor chefe da IKM e IKM-Portugal, um instrutor portugu\u00eas, tamb\u00e9m ele militar, na disponibilidade, que prestou servi\u00e7o por uma d\u00e9cada, numa unidade especial das For\u00e7as Armadas Portuguesas, os P\u00e1ra-Quedistas.<\/p>\n<p><img loading=\"lazy\" decoding=\"async\" class=\"imageFramed alignnone wp-image-1162 size-medium\" src=\"http:\/\/www.ikm-portugal.com\/wp\/wp-content\/uploads\/2018\/05\/mariniers-2-300x246.jpg\" alt=\"\" width=\"300\" height=\"246\" srcset=\"http:\/\/www.ikm-portugal.com\/wp\/wp-content\/uploads\/2018\/05\/mariniers-2-300x246.jpg 300w, http:\/\/www.ikm-portugal.com\/wp\/wp-content\/uploads\/2018\/05\/mariniers-2-768x629.jpg 768w, http:\/\/www.ikm-portugal.com\/wp\/wp-content\/uploads\/2018\/05\/mariniers-2-150x123.jpg 150w, http:\/\/www.ikm-portugal.com\/wp\/wp-content\/uploads\/2018\/05\/mariniers-2-500x409.jpg 500w, http:\/\/www.ikm-portugal.com\/wp\/wp-content\/uploads\/2018\/05\/mariniers-2.jpg 960w\" sizes=\"auto, (max-width: 300px) 100vw, 300px\" \/> <img loading=\"lazy\" decoding=\"async\" class=\"imageFramed alignnone wp-image-1161 size-medium\" src=\"http:\/\/www.ikm-portugal.com\/wp\/wp-content\/uploads\/2018\/05\/mariniers-1-300x180.jpg\" alt=\"\" width=\"300\" height=\"180\" srcset=\"http:\/\/www.ikm-portugal.com\/wp\/wp-content\/uploads\/2018\/05\/mariniers-1-300x180.jpg 300w, http:\/\/www.ikm-portugal.com\/wp\/wp-content\/uploads\/2018\/05\/mariniers-1-768x462.jpg 768w, http:\/\/www.ikm-portugal.com\/wp\/wp-content\/uploads\/2018\/05\/mariniers-1-150x90.jpg 150w, http:\/\/www.ikm-portugal.com\/wp\/wp-content\/uploads\/2018\/05\/mariniers-1-500x301.jpg 500w, http:\/\/www.ikm-portugal.com\/wp\/wp-content\/uploads\/2018\/05\/mariniers-1.jpg 960w\" sizes=\"auto, (max-width: 300px) 100vw, 300px\" \/><\/p>\n<p>Este Instrutor tem colaborado em pa\u00edses como a Holanda, onde a sua contribui\u00e7\u00e3o passa por cinco dias anuais de forma\u00e7\u00e3o aos instrutores de Educa\u00e7\u00e3o F\u00edsica e Combate Corpo a Corpo, do Korps Marines daquele Pa\u00eds, ou at\u00e9 mesmo nas For\u00e7as Armadas Israelitas, atrav\u00e9s de convite efetuado por altas patentes da Israeli Defence Forces, onde este instrutor teve o prazer de dar forma\u00e7\u00e3o de Krav Maga a um Curso de Oficiais Superiores, futuros Comandantes de Unidades de Combate.<\/p>\n<p><img loading=\"lazy\" decoding=\"async\" class=\"imageFramed alignleft wp-image-1155 size-medium\" src=\"http:\/\/www.ikm-portugal.com\/wp\/wp-content\/uploads\/2018\/05\/idf-2-300x225.jpg\" alt=\"\" width=\"300\" height=\"225\" srcset=\"http:\/\/www.ikm-portugal.com\/wp\/wp-content\/uploads\/2018\/05\/idf-2-300x225.jpg 300w, http:\/\/www.ikm-portugal.com\/wp\/wp-content\/uploads\/2018\/05\/idf-2-768x576.jpg 768w, http:\/\/www.ikm-portugal.com\/wp\/wp-content\/uploads\/2018\/05\/idf-2-150x113.jpg 150w, http:\/\/www.ikm-portugal.com\/wp\/wp-content\/uploads\/2018\/05\/idf-2-500x375.jpg 500w, http:\/\/www.ikm-portugal.com\/wp\/wp-content\/uploads\/2018\/05\/idf-2.jpg 960w\" sizes=\"auto, (max-width: 300px) 100vw, 300px\" \/>\u00a0<img loading=\"lazy\" decoding=\"async\" class=\"imageFramed alignnone wp-image-1154 size-medium\" src=\"http:\/\/www.ikm-portugal.com\/wp\/wp-content\/uploads\/2018\/05\/idf-1-300x225.jpg\" alt=\"\" width=\"300\" height=\"225\" srcset=\"http:\/\/www.ikm-portugal.com\/wp\/wp-content\/uploads\/2018\/05\/idf-1-300x225.jpg 300w, http:\/\/www.ikm-portugal.com\/wp\/wp-content\/uploads\/2018\/05\/idf-1-768x576.jpg 768w, http:\/\/www.ikm-portugal.com\/wp\/wp-content\/uploads\/2018\/05\/idf-1-150x113.jpg 150w, http:\/\/www.ikm-portugal.com\/wp\/wp-content\/uploads\/2018\/05\/idf-1-500x375.jpg 500w, http:\/\/www.ikm-portugal.com\/wp\/wp-content\/uploads\/2018\/05\/idf-1.jpg 960w\" sizes=\"auto, (max-width: 300px) 100vw, 300px\" \/><\/p>\n<p>Mais projetos existem para um futuro pr\u00f3ximo, dentro da componente militar, que para quem vive e sente o Krav Maga, o bom n\u00e3o \u00e9 suficiente, batalhamos e \u201ccombatemos\u201d para alcan\u00e7ar o \u00f3timo. Este, t\u00e3o dif\u00edcil de alcan\u00e7ar, mas n\u00e3o imposs\u00edvel, traduz-se pela qualidade dos nossos instrutores e dos programas t\u00e9cnicos, flex\u00edveis e adaptados ao novo ambiente operacional.<\/p>\n<div><strong>Mois\u00e9s Frutuoso<\/strong><\/div>\n<div>Krav Maga Expert<\/div>\n","protected":false},"excerpt":{"rendered":"<p>&nbsp; KRAV MAGA, a IKM- Portugal e a sua colabora\u00e7\u00e3o com For\u00e7as Militares Nacionais e Estrangeiras. As Opera\u00e7\u00f5es Especiais do Ex\u00e9rcito Portugu\u00eas, a Guarni\u00e7\u00e3o da Fragata NRP Corte Real da Armada Portuguesa, A Guarna Nacional Republicana, as Special Operations Forces da Litu\u00e2nia, o Korps Marines da Holanda e at\u00e9 as Israeli Defence Forces (IDF) de [&hellip;]<\/p>\n","protected":false},"author":4,"featured_media":0,"comment_status":"closed","ping_status":"closed","sticky":false,"template":"","format":"standard","meta":{"footnotes":""},"categories":[37,1],"tags":[],"class_list":["post-1147","post","type-post","status-publish","format-standard","hentry","category-artigos-novidades","category-uncategorized"],"_links":{"self":[{"href":"http:\/\/www.ikm-portugal.com\/wp\/index.php?rest_route=\/wp\/v2\/posts\/1147","targetHints":{"allow":["GET"]}}],"collection":[{"href":"http:\/\/www.ikm-portugal.com\/wp\/index.php?rest_route=\/wp\/v2\/posts"}],"about":[{"href":"http:\/\/www.ikm-portugal.com\/wp\/index.php?rest_route=\/wp\/v2\/types\/post"}],"author":[{"embeddable":true,"href":"http:\/\/www.ikm-portugal.com\/wp\/index.php?rest_route=\/wp\/v2\/users\/4"}],"replies":[{"embeddable":true,"href":"http:\/\/www.ikm-portugal.com\/wp\/index.php?rest_route=%2Fwp%2Fv2%2Fcomments&post=1147"}],"version-history":[{"count":12,"href":"http:\/\/www.ikm-portugal.com\/wp\/index.php?rest_route=\/wp\/v2\/posts\/1147\/revisions"}],"predecessor-version":[{"id":1173,"href":"http:\/\/www.ikm-portugal.com\/wp\/index.php?rest_route=\/wp\/v2\/posts\/1147\/revisions\/1173"}],"wp:attachment":[{"href":"http:\/\/www.ikm-portugal.com\/wp\/index.php?rest_route=%2Fwp%2Fv2%2Fmedia&parent=1147"}],"wp:term":[{"taxonomy":"category","embeddable":true,"href":"http:\/\/www.ikm-portugal.com\/wp\/index.php?rest_route=%2Fwp%2Fv2%2Fcategories&post=1147"},{"taxonomy":"post_tag","embeddable":true,"href":"http:\/\/www.ikm-portugal.com\/wp\/index.php?rest_route=%2Fwp%2Fv2%2Ftags&post=1147"}],"curies":[{"name":"wp","href":"https:\/\/api.w.org\/{rel}","templated":true}]}}