{"id":1017,"date":"2018-01-30T16:44:23","date_gmt":"2018-01-30T16:44:23","guid":{"rendered":"http:\/\/www.ikm-portugal.com\/wp\/?p=1017"},"modified":"2018-01-30T18:00:02","modified_gmt":"2018-01-30T18:00:02","slug":"military-camp-portugal-2018","status":"publish","type":"post","link":"http:\/\/www.ikm-portugal.com\/wp\/?p=1017","title":{"rendered":"Military Camp Portugal 2018"},"content":{"rendered":"<h1>Military Camp Portugal 2018<\/h1>\n<p><img loading=\"lazy\" decoding=\"async\" class=\"pull-right alignnone wp-image-1009 size-medium\" src=\"http:\/\/www.ikm-portugal.com\/wp\/wp-content\/uploads\/2018\/01\/Militar-WS-PT-2017-296x300.jpg\" alt=\"\" width=\"296\" height=\"300\" srcset=\"http:\/\/www.ikm-portugal.com\/wp\/wp-content\/uploads\/2018\/01\/Militar-WS-PT-2017-296x300.jpg 296w, http:\/\/www.ikm-portugal.com\/wp\/wp-content\/uploads\/2018\/01\/Militar-WS-PT-2017-768x778.jpg 768w, http:\/\/www.ikm-portugal.com\/wp\/wp-content\/uploads\/2018\/01\/Militar-WS-PT-2017-50x50.jpg 50w, http:\/\/www.ikm-portugal.com\/wp\/wp-content\/uploads\/2018\/01\/Militar-WS-PT-2017-150x152.jpg 150w, http:\/\/www.ikm-portugal.com\/wp\/wp-content\/uploads\/2018\/01\/Militar-WS-PT-2017-494x500.jpg 494w, http:\/\/www.ikm-portugal.com\/wp\/wp-content\/uploads\/2018\/01\/Militar-WS-PT-2017.jpg 800w\" sizes=\"auto, (max-width: 296px) 100vw, 296px\" \/><\/p>\n<p>Terminou no passado dia 28 em Bucelas, no\u00a0<a href=\"https:\/\/www.sniper.pt\/parqueaventura18\/\"><strong>Sniper Parque Aventura<\/strong><\/a>, o 2\u00ba Military camp conduzido em Portugal.<\/p>\n<p>Conduzido durante 7 dias pelo Expert Mois\u00e9s Frutuoso da forma profissional e experiente a que j\u00e1 nos habituou, este camp permitiu aos seus participantes aprenderem e treinarem exaustivamente as t\u00e9cnicas que comp\u00f5em o programa de Expert 1, Krav Maga Militar.<\/p>\n<p>Com uma audi\u00eancia de m\u00faltiplas nacionalidades, este campo revelou-se um evento permitindo treino intenso, num ambiente entusi\u00e1stico e divertido, de troca de experi\u00eancias e conv\u00edvio entre os participantes.<\/p>\n<p><img loading=\"lazy\" decoding=\"async\" class=\"imageFramed shadow alignnone wp-image-1021 size-medium\" src=\"http:\/\/www.ikm-portugal.com\/wp\/wp-content\/uploads\/2018\/01\/mcamp1-300x225.jpg\" alt=\"\" width=\"300\" height=\"225\" srcset=\"http:\/\/www.ikm-portugal.com\/wp\/wp-content\/uploads\/2018\/01\/mcamp1-300x225.jpg 300w, http:\/\/www.ikm-portugal.com\/wp\/wp-content\/uploads\/2018\/01\/mcamp1-768x576.jpg 768w, http:\/\/www.ikm-portugal.com\/wp\/wp-content\/uploads\/2018\/01\/mcamp1-150x113.jpg 150w, http:\/\/www.ikm-portugal.com\/wp\/wp-content\/uploads\/2018\/01\/mcamp1-500x375.jpg 500w, http:\/\/www.ikm-portugal.com\/wp\/wp-content\/uploads\/2018\/01\/mcamp1.jpg 960w\" sizes=\"auto, (max-width: 300px) 100vw, 300px\" \/><img loading=\"lazy\" decoding=\"async\" class=\"imageFramed shadow alignnone wp-image-1032\" src=\"http:\/\/www.ikm-portugal.com\/wp\/wp-content\/uploads\/2018\/01\/mcamp3-300x293.jpg\" alt=\"\" width=\"228\" height=\"223\" srcset=\"http:\/\/www.ikm-portugal.com\/wp\/wp-content\/uploads\/2018\/01\/mcamp3-300x293.jpg 300w, http:\/\/www.ikm-portugal.com\/wp\/wp-content\/uploads\/2018\/01\/mcamp3-768x750.jpg 768w, http:\/\/www.ikm-portugal.com\/wp\/wp-content\/uploads\/2018\/01\/mcamp3-50x50.jpg 50w, http:\/\/www.ikm-portugal.com\/wp\/wp-content\/uploads\/2018\/01\/mcamp3-150x146.jpg 150w, http:\/\/www.ikm-portugal.com\/wp\/wp-content\/uploads\/2018\/01\/mcamp3-500x488.jpg 500w, http:\/\/www.ikm-portugal.com\/wp\/wp-content\/uploads\/2018\/01\/mcamp3.jpg 882w\" sizes=\"auto, (max-width: 228px) 100vw, 228px\" \/><img loading=\"lazy\" decoding=\"async\" class=\"imageFramed shadow alignnone wp-image-1035 size-medium\" src=\"http:\/\/www.ikm-portugal.com\/wp\/wp-content\/uploads\/2018\/01\/mcamp4-300x225.jpg\" alt=\"\" width=\"300\" height=\"225\" srcset=\"http:\/\/www.ikm-portugal.com\/wp\/wp-content\/uploads\/2018\/01\/mcamp4-300x225.jpg 300w, http:\/\/www.ikm-portugal.com\/wp\/wp-content\/uploads\/2018\/01\/mcamp4-768x576.jpg 768w, http:\/\/www.ikm-portugal.com\/wp\/wp-content\/uploads\/2018\/01\/mcamp4-1024x768.jpg 1024w, http:\/\/www.ikm-portugal.com\/wp\/wp-content\/uploads\/2018\/01\/mcamp4-150x113.jpg 150w, http:\/\/www.ikm-portugal.com\/wp\/wp-content\/uploads\/2018\/01\/mcamp4-500x375.jpg 500w, http:\/\/www.ikm-portugal.com\/wp\/wp-content\/uploads\/2018\/01\/mcamp4.jpg 1599w\" sizes=\"auto, (max-width: 300px) 100vw, 300px\" \/><\/p>\n<p>Ap\u00f3s 6 dias de treino e revis\u00e3o de t\u00e9cnicas, na sede da IKM-Portugal, o 7\u00ba dia foi passado na Sniper Academy, onde os participantes puderam p\u00f4r \u00e0 prova os conhecimentos adquiridos em cen\u00e1rios mais pr\u00f3ximos de situa\u00e7\u00f5es reais.<\/p>\n<p><img loading=\"lazy\" decoding=\"async\" class=\"imageFramed shadow alignnone wp-image-1023 size-medium\" src=\"http:\/\/www.ikm-portugal.com\/wp\/wp-content\/uploads\/2018\/01\/IMG_20180128_105212-225x300.jpg\" alt=\"\" width=\"225\" height=\"300\" srcset=\"http:\/\/www.ikm-portugal.com\/wp\/wp-content\/uploads\/2018\/01\/IMG_20180128_105212-225x300.jpg 225w, http:\/\/www.ikm-portugal.com\/wp\/wp-content\/uploads\/2018\/01\/IMG_20180128_105212-768x1024.jpg 768w, http:\/\/www.ikm-portugal.com\/wp\/wp-content\/uploads\/2018\/01\/IMG_20180128_105212-150x200.jpg 150w, http:\/\/www.ikm-portugal.com\/wp\/wp-content\/uploads\/2018\/01\/IMG_20180128_105212-375x500.jpg 375w\" sizes=\"auto, (max-width: 225px) 100vw, 225px\" \/> <img loading=\"lazy\" decoding=\"async\" class=\"imageFramed shadow alignnone wp-image-1024 size-medium\" src=\"http:\/\/www.ikm-portugal.com\/wp\/wp-content\/uploads\/2018\/01\/IMG_20180128_142324_1CS-300x225.jpg\" alt=\"\" width=\"300\" height=\"225\" srcset=\"http:\/\/www.ikm-portugal.com\/wp\/wp-content\/uploads\/2018\/01\/IMG_20180128_142324_1CS-300x225.jpg 300w, http:\/\/www.ikm-portugal.com\/wp\/wp-content\/uploads\/2018\/01\/IMG_20180128_142324_1CS-768x576.jpg 768w, http:\/\/www.ikm-portugal.com\/wp\/wp-content\/uploads\/2018\/01\/IMG_20180128_142324_1CS-1024x768.jpg 1024w, http:\/\/www.ikm-portugal.com\/wp\/wp-content\/uploads\/2018\/01\/IMG_20180128_142324_1CS-150x113.jpg 150w, http:\/\/www.ikm-portugal.com\/wp\/wp-content\/uploads\/2018\/01\/IMG_20180128_142324_1CS-500x375.jpg 500w\" sizes=\"auto, (max-width: 300px) 100vw, 300px\" \/> <img loading=\"lazy\" decoding=\"async\" class=\"imageFramed shadow alignnone wp-image-1022 size-medium\" src=\"http:\/\/www.ikm-portugal.com\/wp\/wp-content\/uploads\/2018\/01\/mcamp2-300x225.jpg\" alt=\"\" width=\"300\" height=\"225\" srcset=\"http:\/\/www.ikm-portugal.com\/wp\/wp-content\/uploads\/2018\/01\/mcamp2-300x225.jpg 300w, http:\/\/www.ikm-portugal.com\/wp\/wp-content\/uploads\/2018\/01\/mcamp2-768x576.jpg 768w, http:\/\/www.ikm-portugal.com\/wp\/wp-content\/uploads\/2018\/01\/mcamp2-150x113.jpg 150w, http:\/\/www.ikm-portugal.com\/wp\/wp-content\/uploads\/2018\/01\/mcamp2-500x375.jpg 500w, http:\/\/www.ikm-portugal.com\/wp\/wp-content\/uploads\/2018\/01\/mcamp2.jpg 960w\" sizes=\"auto, (max-width: 300px) 100vw, 300px\" \/><\/p>\n<p>&nbsp;<\/p>\n<p>Este ultimo dia serviu tamb\u00e9m um semin\u00e1rio aberto sobre o mesmo tema, com a inclus\u00e3o de alunos da<strong> IKM-Portugal<\/strong>, que assim tiveram a hip\u00f3tese de praticar alguma t\u00e9cnicas deste programa no <strong>melhor cen\u00e1rio poss\u00edvel<\/strong>.<\/p>\n<p><img loading=\"lazy\" decoding=\"async\" class=\"imageFramed shadow aligncenter wp-image-1025\" src=\"http:\/\/www.ikm-portugal.com\/wp\/wp-content\/uploads\/2018\/01\/IMG_20180128_165557-300x225.jpg\" alt=\"\" width=\"364\" height=\"273\" srcset=\"http:\/\/www.ikm-portugal.com\/wp\/wp-content\/uploads\/2018\/01\/IMG_20180128_165557-300x225.jpg 300w, http:\/\/www.ikm-portugal.com\/wp\/wp-content\/uploads\/2018\/01\/IMG_20180128_165557-768x576.jpg 768w, http:\/\/www.ikm-portugal.com\/wp\/wp-content\/uploads\/2018\/01\/IMG_20180128_165557-1024x768.jpg 1024w, http:\/\/www.ikm-portugal.com\/wp\/wp-content\/uploads\/2018\/01\/IMG_20180128_165557-150x113.jpg 150w, http:\/\/www.ikm-portugal.com\/wp\/wp-content\/uploads\/2018\/01\/IMG_20180128_165557-500x375.jpg 500w\" sizes=\"auto, (max-width: 364px) 100vw, 364px\" \/><\/p>\n<p>&nbsp;<\/p>\n","protected":false},"excerpt":{"rendered":"<p>Military Camp Portugal 2018 Terminou no passado dia 28 em Bucelas, no\u00a0Sniper Parque Aventura, o 2\u00ba Military camp conduzido em Portugal. Conduzido durante 7 dias pelo Expert Mois\u00e9s Frutuoso da forma profissional e experiente a que j\u00e1 nos habituou, este camp permitiu aos seus participantes aprenderem e treinarem exaustivamente as t\u00e9cnicas que comp\u00f5em o programa [&hellip;]<\/p>\n","protected":false},"author":4,"featured_media":0,"comment_status":"closed","ping_status":"closed","sticky":false,"template":"","format":"standard","meta":{"footnotes":""},"categories":[37,1],"tags":[],"class_list":["post-1017","post","type-post","status-publish","format-standard","hentry","category-artigos-novidades","category-uncategorized"],"_links":{"self":[{"href":"http:\/\/www.ikm-portugal.com\/wp\/index.php?rest_route=\/wp\/v2\/posts\/1017","targetHints":{"allow":["GET"]}}],"collection":[{"href":"http:\/\/www.ikm-portugal.com\/wp\/index.php?rest_route=\/wp\/v2\/posts"}],"about":[{"href":"http:\/\/www.ikm-portugal.com\/wp\/index.php?rest_route=\/wp\/v2\/types\/post"}],"author":[{"embeddable":true,"href":"http:\/\/www.ikm-portugal.com\/wp\/index.php?rest_route=\/wp\/v2\/users\/4"}],"replies":[{"embeddable":true,"href":"http:\/\/www.ikm-portugal.com\/wp\/index.php?rest_route=%2Fwp%2Fv2%2Fcomments&post=1017"}],"version-history":[{"count":15,"href":"http:\/\/www.ikm-portugal.com\/wp\/index.php?rest_route=\/wp\/v2\/posts\/1017\/revisions"}],"predecessor-version":[{"id":1271,"href":"http:\/\/www.ikm-portugal.com\/wp\/index.php?rest_route=\/wp\/v2\/posts\/1017\/revisions\/1271"}],"wp:attachment":[{"href":"http:\/\/www.ikm-portugal.com\/wp\/index.php?rest_route=%2Fwp%2Fv2%2Fmedia&parent=1017"}],"wp:term":[{"taxonomy":"category","embeddable":true,"href":"http:\/\/www.ikm-portugal.com\/wp\/index.php?rest_route=%2Fwp%2Fv2%2Fcategories&post=1017"},{"taxonomy":"post_tag","embeddable":true,"href":"http:\/\/www.ikm-portugal.com\/wp\/index.php?rest_route=%2Fwp%2Fv2%2Ftags&post=1017"}],"curies":[{"name":"wp","href":"https:\/\/api.w.org\/{rel}","templated":true}]}}